{"id":256,"date":"2013-10-28T20:34:00","date_gmt":"2013-10-28T18:34:00","guid":{"rendered":"http:\/\/www.isabelaromasdelmundo.es\/blog\/?p=256"},"modified":"2013-10-29T20:15:29","modified_gmt":"2013-10-29T18:15:29","slug":"256","status":"publish","type":"post","link":"https:\/\/www.isabelaromasdelmundo.es\/blog\/256\/","title":{"rendered":"La Aromaterapia"},"content":{"rendered":"<p><span style=\"color: #cc99ff;\"><b>\u00bfQu\u00e9 es la Aromaterapia?<\/b><\/span>\u00a0<\/p>\n<h1><span style=\"color: #cc99ff;\">La palabra \u201caromaterapia\u201d proviene del griego aroma, \u2018<strong>aroma\u2019<\/strong> y <strong>therapeia<\/strong>, \u2018atenci\u00f3n\u2019, \u2018curaci\u00f3n\u2019. Es una t\u00e9cnica que procede de la herbolaria y que utiliza <strong>aceites de plantas ultra concentrados<\/strong> que son llamados <strong>aceites esenciales<\/strong> o <strong>esencias naturales<\/strong> con la finalidad de <strong>mejorar la salud f\u00edsica<\/strong>.<\/span><\/h1>\n<p><span style=\"color: #cc99ff;\"><b>Introducci\u00f3n<\/b><\/span><\/p>\n<p><span style=\"color: #cc99ff;\">Los <strong>aceites esenciales<\/strong> han sido utilizados por muchas culturas a lo largo de la historia para <strong>curar y relajar<\/strong>.<\/span><\/p>\n<address><img decoding=\"async\" alt=\"\" src=\"https:\/\/www.isabelaromasdelmundo.es\/blog\/wp-content\/uploads\/2013\/10\/Aceites-Esenciales1.jpg\" \/><span style=\"color: #cc99ff;\">Los aceites Esenciales se diluyen en Aceites\u00a0Vegetales para usarlos en un masaje.<\/span>\u00a0<\/address>\n<p><span style=\"color: #cc99ff;\"><strong>Los aromaterapeutas<\/strong> creen que los distintos aceites poseen <strong>propiedades terap\u00e9uticas<\/strong> diferenciadas: unos son <strong>calmantes<\/strong> y otros <strong>estimulan<\/strong> y <strong>levantan<\/strong> el <strong>\u00e1nimo<\/strong>.<\/span><\/p>\n<p><span style=\"color: #cc99ff;\">Las mol\u00e9culas que contienen los aceites son absorbidas por el <strong>torrente sangu\u00edneo a trav\u00e9s de la piel<\/strong> durante el <strong>masaje<\/strong> o por inhalaci\u00f3n del aroma a trav\u00e9s de <strong>la nariz y los pulmones<\/strong>. A\u00fan no est\u00e1 muy claro cuales son sus efectos bioqu\u00edmicos en el organismo, pero si se sabe que el olor tiene un <strong>efecto psicol\u00f3gico<\/strong>.<!--more--><\/span><\/p>\n<p><span style=\"color: #cc99ff;\"><b>Historia de la Aromaterapia.<\/b><\/span><\/p>\n<p><span style=\"color: #cc99ff;\">Los <strong>aceites esenciales<\/strong>, por ejemplo la mirra, se mencionan en la Biblia, y los <strong>antiguos egipcios<\/strong> la usaban para <strong>embalsamar<\/strong> a sus muertos. Alrededor del a\u00f1o 1000 de nuestra era, el<strong> m\u00e9dico persa Avicena<\/strong> invent\u00f3 el m\u00e9todo de <strong>destilaci\u00f3n<\/strong> que se usa hoy en d\u00eda.<\/span><\/p>\n<p><span style=\"color: #cc99ff;\">Aceites como el de <strong>madera s\u00e1ndalo<\/strong>, el <strong>cedro<\/strong> y la <strong>rosa<\/strong>, siempre han constituido una parte fundamental de la <strong>perfumer\u00eda<\/strong>, y <strong>aceites<\/strong> <strong>muy<\/strong> <strong>arom\u00e1ticos<\/strong> como el <strong>eucalipto<\/strong>, la <strong>menta<\/strong> y el <strong>alcanfor<\/strong>, hace mucho tiempo que se usa con <strong>fines<\/strong> <strong>medicinales<\/strong>.<\/span><\/p>\n<p><span style=\"color: #cc99ff;\">El <strong>inter\u00e9s<\/strong> <strong>m\u00e9dico<\/strong> por los <strong>aceites<\/strong> <strong>esenciales<\/strong>, despert\u00f3 de nuevo a principios del <strong>siglo XX<\/strong>, de la mano de <strong>Ren\u00e9-Maurice Gattefoss\u00e9<\/strong>, un <strong>qu\u00edmico franc\u00e9s<\/strong> que qued\u00f3 impresionado por los <strong>poderes curativos del aceite de Lavanda<\/strong>, el cual hab\u00eda aplicado a una <strong>quemadura<\/strong>.<\/span><\/p>\n<p><span style=\"color: #cc99ff;\"><b>Tratamientos.<\/b><b>\u00a0<\/b><\/span><\/p>\n<p><span style=\"color: #cc99ff;\"><b>Masaje.<\/b> Los <strong>aceites<\/strong> <strong>esenciales<\/strong> se diluyen en un <strong>aceite<\/strong> <strong>vegetal<\/strong> que sirve de <strong>veh\u00edculo<\/strong>.<\/span><\/p>\n<p><span style=\"color: #cc99ff;\">Un <strong>masaje<\/strong> de <strong>aromaterapia<\/strong>, suele basarse en las t\u00e9cnicas de <strong>masaje<\/strong> <strong>sueco<\/strong>, que <strong>alivian<\/strong> la <strong>tensi\u00f3n<\/strong> y <strong>mejoran<\/strong> la <strong>circulaci\u00f3n<\/strong>.<\/span><\/p>\n<p><a title=\"Editar \u201cMmassage\u201d\" href=\"https:\/\/www.isabelaromasdelmundo.es\/blog\/wp-admin\/post.php?post=232&amp;action=edit\"><img decoding=\"async\" loading=\"lazy\" alt=\"Mmassage\" src=\"https:\/\/www.isabelaromasdelmundo.es\/blog\/wp-content\/uploads\/2013\/10\/Mmassage-150x90.jpg\" width=\"204\" height=\"131\" \/><\/a><\/p>\n<p><span style=\"color: #cc99ff;\"><b>Inhalaci\u00f3n. <\/b>A\u00f1ada <strong>cuatro<\/strong> <strong>gotas<\/strong> de <strong>aceite<\/strong> <strong>esencial<\/strong> en un recipiente de agua hirviendo. C\u00fabrase la <strong>cabeza<\/strong> con una <strong>toalla<\/strong>, <strong>incl\u00ednese<\/strong> sobre el <strong>recipiente<\/strong> con los <strong>ojos<\/strong> <strong>cerrados<\/strong> y <strong>aspire<\/strong> durante <strong>diez minutos<\/strong>. Tambi\u00e9n puede mojar un pa\u00f1o con cuatro o cinco gotas de aceite e inhalar.<\/span><\/p>\n<address>\u00a0<a title=\"Editar \u201cInhalaci\u00f3n\u201d\" href=\"https:\/\/www.isabelaromasdelmundo.es\/blog\/wp-admin\/post.php?post=238&amp;action=edit\"><img decoding=\"async\" loading=\"lazy\" alt=\"Inhalaci\u00f3n\" src=\"https:\/\/www.isabelaromasdelmundo.es\/blog\/wp-content\/uploads\/2013\/10\/Inhalaci\u00f3n-148x150.jpg\" width=\"159\" height=\"135\" \/><\/a>\u00a0<span style=\"color: #cc99ff;\">Las inhalaciones son un modo excelente de tratar los problemas respiratorios<\/span>.<\/address>\n<p><span style=\"color: #cc99ff;\"><b>Ba\u00f1o<\/b>. Llene la <strong>ba\u00f1era<\/strong> de <strong>agua<\/strong> <strong>caliente<\/strong> y a\u00f1ada <strong>seis<\/strong> gotas de <strong>aceite<\/strong> <strong>esencial<\/strong>. <strong>Rel\u00e1jese<\/strong> en el ba\u00f1o <strong>durante diez minutos<\/strong>.<\/span><\/p>\n<p id=\"thumbnail-head-240\"><span style=\"color: #cc99ff;\"><img decoding=\"async\" alt=\"\" src=\"https:\/\/www.isabelaromasdelmundo.es\/blog\/wp-content\/uploads\/2013\/10\/Ba\u00f1o.bmp\" \/>\u00a0<\/span><\/p>\n<p><span style=\"color: #cc99ff;\"><b>Vaporizadores. <\/b>Vierta <strong>dos<\/strong> o <strong>tres<\/strong> gotas de <strong>aceite<\/strong> <strong>esencial<\/strong> en el <strong>vaporizador<\/strong> junto con una peque\u00f1a cantidad de <strong>agua<\/strong> y ponga debajo una <strong>vela<\/strong> <strong>encendida<\/strong>.<\/span><\/p>\n<address><span style=\"color: #cc99ff;\"><img decoding=\"async\" alt=\"\" src=\"https:\/\/www.isabelaromasdelmundo.es\/blog\/wp-content\/uploads\/2013\/10\/Vaporizador-aceites.jpg\" \/>\u00a0Los Aceites Esenciales se pueden quemar en vaporizadores para llenar una habitaci\u00f3n con su aroma.<\/span><\/address>\n<p><span style=\"color: #cc99ff;\"><b>Meditaci\u00f3n.<br \/>\n<\/b><\/span><br \/>\n<span style=\"color: #cc99ff;\">Los <strong>aceites<\/strong> se usaron desde <strong>tiempos<\/strong> <strong>remotos<\/strong> para la <strong>meditaci\u00f3n<\/strong> y <strong>rituales religiosos<\/strong>, tambi\u00e9n para muchas culturas los aromas se utilizaban como <strong>ofrendas<\/strong> a los <strong>dioses<\/strong>. Para meditar con aceites podemos lograr:<\/span><br \/>\n<span style=\"color: #cc99ff;\">\u00b7 <strong>Purificar<\/strong> y <strong>preparar<\/strong> el lugar para <strong>meditar<\/strong><\/span><br \/>\n<span style=\"color: #cc99ff;\">\u00b7 Ayudar a <strong>aquietar<\/strong> la <strong>mente<\/strong> de <strong>pensamientos<\/strong> <strong>cotidianos<\/strong>.<\/span><br \/>\n<span style=\"color: #cc99ff;\">\u00b7 <strong>Profundizar<\/strong> y <strong>serenar<\/strong> la <strong>respiraci\u00f3n<\/strong>.<\/span><br \/>\n<span style=\"color: #cc99ff;\">\u00b7 Conseguir <strong>claridad<\/strong> <strong>mental<\/strong><\/span><br \/>\n<span style=\"color: #cc99ff;\">\u00b7 <strong>Balancear<\/strong> los <strong>chakras<\/strong><\/span><br \/>\n<span style=\"color: #cc99ff;\">\u00b7 <strong>Llevar<\/strong> la <strong>energ\u00eda<\/strong> a <strong>tierra<\/strong><\/span><br \/>\n<span style=\"color: #cc99ff;\">\u00b7 <strong>Armonizar<\/strong> la <strong>energ\u00eda<\/strong> de un <strong>grupo<\/strong><\/span><\/p>\n<p><span style=\"color: #cc99ff;\"><img decoding=\"async\" loading=\"lazy\" alt=\"\" src=\"https:\/\/www.isabelaromasdelmundo.es\/blog\/wp-content\/uploads\/2013\/10\/Plush-Studios-getty.jpg\" width=\"157\" height=\"201\" \/>\u00a0<\/span><\/p>\n<p><span style=\"color: #cc99ff;\">Los <strong>aceites<\/strong> utilizados <strong>correctamente<\/strong> para <strong>aromaterapia<\/strong> no producen <strong>ning\u00fan<\/strong> <strong>efecto<\/strong> <strong>desagradable<\/strong> ni <strong>contraindicaciones<\/strong>, de todos modos <strong>debemos<\/strong> <strong>tener<\/strong> en <strong>cuenta<\/strong>:<\/span><br \/>\n<span style=\"color: #cc99ff;\"><strong>No ingerirlos<\/strong><\/span><br \/>\n<span style=\"color: #cc99ff;\"><strong>No exceder la cantidad de gotas ni el tiempo de uso<\/strong>.<\/span><br \/>\n<span style=\"color: #cc99ff;\"><strong>No utilizar en el embarazo: albahaca, alcanfor, mejorana, mirra, clavo de olor, hisopo, enebro, cedro, salvia, romero.<\/strong><\/span><br \/>\n<span style=\"color: #cc99ff;\"><strong>No<\/strong> <strong>poner<\/strong> en <strong>contacto<\/strong> <strong>directo<\/strong> con la <strong>piel<\/strong>: <strong>canela, clavo de olor, bergamota, canela, enebro, jengibre, lim\u00f3n, menta, pino, tomillo.<\/strong>.<\/span><br \/>\n<span style=\"color: #cc99ff;\"><strong>No usar en caso de epilepsia: romero salvia<\/strong>.\u00a0<\/span><strong><span style=\"color: #cc99ff;\">No dejar ninguna esencia al alcance de los ni\u00f1os.<\/span><\/strong><br \/>\n<strong><span style=\"color: #cc99ff;\">No tomar sol despu\u00e9s de usar sobre la piel: bergamota, pomelo, naranja, lim\u00f3n, cedr\u00f3n, ang\u00e9lica.<\/span><\/strong><\/p>\n<p><span style=\"color: #cc99ff;\">Como veis, <strong>podemos<\/strong> obtener <strong>grandes<\/strong> <strong>beneficios<\/strong> utilizando, con <strong>precisi\u00f3n<\/strong>, los <strong>aceites<\/strong> <strong>esenciales<\/strong>. <strong>Obtendremos<\/strong> <strong>bienestar<\/strong> <strong>general<\/strong> a trav\u00e9s de <strong>nuestros<\/strong> <strong>sentidos<\/strong>.<\/span><\/p>\n<p><span style=\"color: #cc99ff;\"><b>AVISO: <\/b><strong>La informaci\u00f3n contenida en este blog tiene car\u00e1cter meramente informativo y no puede\u00a0sustituir la prescripci\u00f3n, diagn\u00f3stico o tratamiento m\u00e9dico. <\/strong><strong>Si tiene problemas de salud, consulte a su m\u00e9dico.<\/strong><\/span><\/p>\n<p>Fuente: Medicina Integrada.<\/p>\n","protected":false},"excerpt":{"rendered":"<p>\u00bfQu\u00e9 es la Aromaterapia?\u00a0 La palabra \u201caromaterapia\u201d proviene del griego aroma, \u2018aroma\u2019 y therapeia, \u2018atenci\u00f3n\u2019, \u2018curaci\u00f3n\u2019. Es una t\u00e9cnica que procede de la herbolaria y que utiliza aceites de plantas ultra concentrados que son llamados aceites esenciales o esencias naturales &hellip; <a href=\"https:\/\/www.isabelaromasdelmundo.es\/blog\/256\/\">Sigue leyendo <span class=\"meta-nav\">&rarr;<\/span><\/a><\/p>\n","protected":false},"author":2,"featured_media":0,"comment_status":"open","ping_status":"open","sticky":false,"template":"","format":"standard","meta":[],"categories":[28],"tags":[20,24,19,26,25,27],"_links":{"self":[{"href":"https:\/\/www.isabelaromasdelmundo.es\/blog\/wp-json\/wp\/v2\/posts\/256"}],"collection":[{"href":"https:\/\/www.isabelaromasdelmundo.es\/blog\/wp-json\/wp\/v2\/posts"}],"about":[{"href":"https:\/\/www.isabelaromasdelmundo.es\/blog\/wp-json\/wp\/v2\/types\/post"}],"author":[{"embeddable":true,"href":"https:\/\/www.isabelaromasdelmundo.es\/blog\/wp-json\/wp\/v2\/users\/2"}],"replies":[{"embeddable":true,"href":"https:\/\/www.isabelaromasdelmundo.es\/blog\/wp-json\/wp\/v2\/comments?post=256"}],"version-history":[{"count":8,"href":"https:\/\/www.isabelaromasdelmundo.es\/blog\/wp-json\/wp\/v2\/posts\/256\/revisions"}],"predecessor-version":[{"id":280,"href":"https:\/\/www.isabelaromasdelmundo.es\/blog\/wp-json\/wp\/v2\/posts\/256\/revisions\/280"}],"wp:attachment":[{"href":"https:\/\/www.isabelaromasdelmundo.es\/blog\/wp-json\/wp\/v2\/media?parent=256"}],"wp:term":[{"taxonomy":"category","embeddable":true,"href":"https:\/\/www.isabelaromasdelmundo.es\/blog\/wp-json\/wp\/v2\/categories?post=256"},{"taxonomy":"post_tag","embeddable":true,"href":"https:\/\/www.isabelaromasdelmundo.es\/blog\/wp-json\/wp\/v2\/tags?post=256"}],"curies":[{"name":"wp","href":"https:\/\/api.w.org\/{rel}","templated":true}]}}