{"id":353,"date":"2013-12-11T21:30:15","date_gmt":"2013-12-11T19:30:15","guid":{"rendered":"http:\/\/www.isabelaromasdelmundo.es\/blog\/?p=353"},"modified":"2014-03-16T21:48:18","modified_gmt":"2014-03-16T19:48:18","slug":"353","status":"publish","type":"post","link":"https:\/\/www.isabelaromasdelmundo.es\/blog\/353\/","title":{"rendered":""},"content":{"rendered":"<div data-ft=\"{&quot;tn&quot;:&quot;K&quot;}\">\n<address><span style=\"color: #cc99ff;\">Mercadillo mensual Caprichos de Mujer.<\/span><\/address>\n<p><span style=\"color: #cc99ff;\">Ten\u00e9is claros vuestros regalos de Navidad??? Si no es as\u00ed, os invitamos al Mercadillo que tendr\u00e1 lugar ma\u00f1ana jueves a partir de las 17,00 hrs. Podr\u00e1s encontrar gran variedad de detalles para ti y tu familia, amigos&#8230;p\u00e1sate por Mes\u00f3n el Jinete, (C\/ Juli\u00e1n Berrendero, 23) Te esperamos!!! Que teng\u00e1is buen d\u00eda. Arom\u00e1ticos saludos.<\/span><\/p>\n<\/div>\n<div>\n<div>\n<div>\n<p><span style=\"color: #cc99ff;\"><em>Primer Mercadillo, d\u00eda 12 de diciembre, de 17 a 20 horas. Mes\u00f3n El Jinete. (San Agust\u00edn del Guadalix)<\/em><\/span><\/p>\n<p>&nbsp;<\/p>\n<\/div>\n<\/div>\n<\/div>\n","protected":false},"excerpt":{"rendered":"<p>Mercadillo mensual Caprichos de Mujer. Ten\u00e9is claros vuestros regalos de Navidad??? Si no es as\u00ed, os invitamos al Mercadillo que tendr\u00e1 lugar ma\u00f1ana jueves a partir de las 17,00 hrs. Podr\u00e1s encontrar gran variedad de detalles para ti y tu &hellip; <a href=\"https:\/\/www.isabelaromasdelmundo.es\/blog\/353\/\">Sigue leyendo <span class=\"meta-nav\">&rarr;<\/span><\/a><\/p>\n","protected":false},"author":2,"featured_media":0,"comment_status":"open","ping_status":"open","sticky":false,"template":"","format":"aside","meta":[],"categories":[44],"tags":[],"_links":{"self":[{"href":"https:\/\/www.isabelaromasdelmundo.es\/blog\/wp-json\/wp\/v2\/posts\/353"}],"collection":[{"href":"https:\/\/www.isabelaromasdelmundo.es\/blog\/wp-json\/wp\/v2\/posts"}],"about":[{"href":"https:\/\/www.isabelaromasdelmundo.es\/blog\/wp-json\/wp\/v2\/types\/post"}],"author":[{"embeddable":true,"href":"https:\/\/www.isabelaromasdelmundo.es\/blog\/wp-json\/wp\/v2\/users\/2"}],"replies":[{"embeddable":true,"href":"https:\/\/www.isabelaromasdelmundo.es\/blog\/wp-json\/wp\/v2\/comments?post=353"}],"version-history":[{"count":15,"href":"https:\/\/www.isabelaromasdelmundo.es\/blog\/wp-json\/wp\/v2\/posts\/353\/revisions"}],"predecessor-version":[{"id":478,"href":"https:\/\/www.isabelaromasdelmundo.es\/blog\/wp-json\/wp\/v2\/posts\/353\/revisions\/478"}],"wp:attachment":[{"href":"https:\/\/www.isabelaromasdelmundo.es\/blog\/wp-json\/wp\/v2\/media?parent=353"}],"wp:term":[{"taxonomy":"category","embeddable":true,"href":"https:\/\/www.isabelaromasdelmundo.es\/blog\/wp-json\/wp\/v2\/categories?post=353"},{"taxonomy":"post_tag","embeddable":true,"href":"https:\/\/www.isabelaromasdelmundo.es\/blog\/wp-json\/wp\/v2\/tags?post=353"}],"curies":[{"name":"wp","href":"https:\/\/api.w.org\/{rel}","templated":true}]}}