{"id":380,"date":"2013-12-17T22:35:07","date_gmt":"2013-12-17T20:35:07","guid":{"rendered":"http:\/\/www.isabelaromasdelmundo.es\/blog\/?p=380"},"modified":"2016-01-08T22:37:54","modified_gmt":"2016-01-08T20:37:54","slug":"380","status":"publish","type":"post","link":"https:\/\/www.isabelaromasdelmundo.es\/blog\/380\/","title":{"rendered":""},"content":{"rendered":"<p><span style=\"color: #cc99ff;\"><strong>Las Velas en Navidad.<\/strong><\/span><\/p>\n<p><span style=\"color: #cc99ff;\">Todos sabemos la importancia que tienen las velas a la hora de decorar nuestros hogares.<\/span><\/p>\n<p><span style=\"color: #cc99ff;\"><b>Las velas tienen una larga tradici\u00f3n en la decoraci\u00f3n de las fiestas, pero probablemente, \u00a0se les puede sacar mucho m\u00e1s partido del que crees.<\/b><\/span><\/p>\n<p><span style=\"color: #cc99ff;\"><b>En la mesa, en las ventanas, en una chimenea\u2026 jugando con sus formas y colores, se puede crear de una forma f\u00e1cil un ambiente navide\u00f1o \u00fanico.<\/b><\/span><\/p>\n<p><span style=\"color: #cc99ff;\"><b>Siempre es bonito encender unas velas y disfrutar de su luz. \u00a0Porque cuando encendemos una vela cambia el ambiente de la habitaci\u00f3n en la que estamos.<\/b><\/span><\/p>\n<p><span style=\"color: #cc99ff;\"><b>La Navidad es una \u00e9poca so\u00f1ada para decorar la casa y crear un ambiente y clima relajado y c\u00e1lido a las cenas familiares y con amigos.<\/b><\/span><\/p>\n<p><span style=\"color: #cc99ff;\"><b>Existe una incre\u00edble variedad de dise\u00f1os de velas, hay para estilos informales, elegantes, juveniles, velas arom\u00e1ticas, flotantes, etc. <\/b><\/span><span style=\"color: #cc99ff;\"><b>La cantidad de colores es otro factor que nos permite jugar con la decoraci\u00f3n, y combinar las velas con el resto del mobiliario y de los complementos, para que armonicen est\u00e9ticamente con el espacio. <\/b><\/span><span style=\"color: #cc99ff;\"><b>Algunos tonos son los que m\u00e1s se identifican con la Navidad, pues unas velas de color rojo, blanco, verde, plateado o dorado son muy buenas propuestas para crear un centro de mesa, usarlas en un candelabro, o en simp\u00e1ticos farolillos.<\/b><\/span><\/p>\n<p><span style=\"color: #cc99ff;\"><b>Aqu\u00ed ten\u00e9is\u00a0algunas ideas para decorar tu casa esta Navidad.<\/b><\/span><\/p>\n<p><span style=\"color: #cc99ff;\"><b>Espero que os gusten.<\/b><\/span><\/p>\n<address><a href=\"https:\/\/www.isabelaromasdelmundo.es\/blog\/wp-content\/uploads\/2013\/12\/bola_flotante_mesa.jpg\"><img decoding=\"async\" loading=\"lazy\" class=\"alignleft\" style=\"width: 265px; height: 215px;\" src=\"https:\/\/www.isabelaromasdelmundo.es\/blog\/wp-content\/uploads\/2013\/12\/bola_flotante_mesa.jpg\" alt=\"bola_flotante_mesa\" width=\"200\" height=\"200\" \/><\/a><\/address>\n<address>\u00a0<\/address>\n<address>\u00a0<\/address>\n<address><em><span style=\"color: #cc99ff;\">Vela en vaso de PVC de sobremesa o flotante. Para decoraci\u00f3n de centros de mesas, decoraci\u00f3n de jard\u00edn, decoraci\u00f3n de exterior&#8230;<\/span><\/em><\/address>\n<p>&nbsp;<\/p>\n<p><a href=\"https:\/\/www.isabelaromasdelmundo.es\/blog\/wp-content\/uploads\/2013\/12\/outdoors-tealight-e1387224722296.jpg\"><img decoding=\"async\" loading=\"lazy\" class=\"alignleft\" style=\"width: 221px; height: 275px;\" src=\"https:\/\/www.isabelaromasdelmundo.es\/blog\/wp-content\/uploads\/2013\/12\/outdoors-tealight-682x1024.jpg\" alt=\"outdoors-tealight\" width=\"200\" height=\"200\" \/><\/a><\/p>\n<p>&nbsp;<\/p>\n<p>&nbsp;<\/p>\n<p>&nbsp;<\/p>\n<p>&nbsp;<\/p>\n<p><em><span style=\"color: #cc99ff;\">Decoraci\u00f3n de interior-exterior<\/span><\/em><\/p>\n<p>&nbsp;<\/p>\n<p><span style=\"color: #cc99ff;\">Las velas flotantes son el perfecto accesorio en el momento de decorar. De apariencia bonita y colorida, brindan una particular calidez y luminosidad et\u00e9rea en cualquier ambiente.<\/span><\/p>\n<p><a href=\"https:\/\/www.isabelaromasdelmundo.es\/blog\/wp-content\/uploads\/2013\/12\/445-velas-e1387224456627.jpg\"><img decoding=\"async\" loading=\"lazy\" class=\"alignleft\" src=\"https:\/\/www.isabelaromasdelmundo.es\/blog\/wp-content\/uploads\/2013\/12\/445-velas-e1387224456627.jpg\" alt=\"445-velas\" width=\"200\" height=\"200\" \/><\/a><\/p>\n<address>\u00a0<\/address>\n<address>\u00a0<\/address>\n<address>\u00a0<\/address>\n<address><em><span style=\"color: #cc99ff;\">Vela de decoraci\u00f3n de colecci\u00f3n Caf\u00e9 Aromatic. Ligeramente perfumada.<\/span><\/em><\/address>\n<address><!--more-->\u00a0<\/address>\n<address><span style=\"color: #cc99ff;\">Las velas flotantes son velas normales, dise\u00f1adas interior y exteriormente para que floten sobre el agua, o sobre cualquier l\u00edquido. Podemos utilizar colorantes en el agua para que resalten los colores. Si a\u00fan queremos una composici\u00f3n m\u00e1s elaborada, tambi\u00e9n podemos a\u00f1adir junto a las velas flotantes y dentro del agua, otros elementos decorativos como flores, piedras, conchas, o cualquier cosa que se nos ocurra&#8230; Son ideales para colocar en cualquier cuenco!!!<\/span><\/address>\n<p><img decoding=\"async\" loading=\"lazy\" class=\"wp-image-395 alignleft\" src=\"https:\/\/www.isabelaromasdelmundo.es\/blog\/wp-content\/uploads\/2013\/12\/tonnetorobronce400_m-e1387224338273.jpg\" alt=\"tonnetorobronce400_m\" width=\"241\" height=\"262\" \/><span style=\"color: #cc99ff;\"><br \/>\n<\/span><\/p>\n<p>&nbsp;<\/p>\n<p>&nbsp;<\/p>\n<p>&nbsp;<\/p>\n<p><span style=\"color: #cc99ff;\"><em>Vela de decoraci\u00f3n de colecci\u00f3n Tonnet Oro-bronce<\/em>.<\/span><\/p>\n<p>&nbsp;<\/p>\n<p><span style=\"color: #cc99ff;\">Las velas navide\u00f1as crean ese ambiente tan bello y nost\u00e1lgico invit\u00e1ndonos a la celebraci\u00f3n durante estas fechas de poder compartir con la familia las experiencias de todo un a\u00f1o e ilusionarnos con los nuevos planes del a\u00f1o nuevo que esta a las puertas.<\/span><\/p>\n<p><span style=\"color: #cc99ff;\">Seg\u00fan el color, cada una tiene su significado.\u00a0El color dorado,\u00a0se relaciona cuando se quiere obtener beneficios tanto materiales como espirituales debido a que es el color del sol y su energ\u00eda. Estas con mezcla de oro-bronce quedar\u00e1n espectaculares.<\/span><\/p>\n<p><img decoding=\"async\" loading=\"lazy\" class=\"alignleft\" src=\"https:\/\/www.isabelaromasdelmundo.es\/blog\/wp-content\/uploads\/2013\/12\/ringplatinum_m.jpg\" alt=\"ringplatinum_m\" width=\"200\" height=\"200\" \/><\/p>\n<p>&nbsp;<\/p>\n<p>&nbsp;<\/p>\n<p>&nbsp;<\/p>\n<p><span style=\"color: #cc99ff;\"><em>Vela de decoraci\u00f3n de colecci\u00f3n Ring Platinum.<\/em><\/span><\/p>\n<p>&nbsp;<\/p>\n<p><span style=\"color: #cc99ff;\">Las velas plateadas crean un ambiente que refleja, tranquilidad, limpieza. Es el color de la luna, asociado al equilibrio y\u00a0al cambio.<\/span><\/p>\n<p><img decoding=\"async\" loading=\"lazy\" class=\"size-full wp-image-394 alignleft\" src=\"https:\/\/www.isabelaromasdelmundo.es\/blog\/wp-content\/uploads\/2013\/12\/tau-con-velas-e1387224387491.jpg\" alt=\"tau-con-velas\" width=\"205\" height=\"200\" \/><\/p>\n<p>&nbsp;<\/p>\n<p>&nbsp;<\/p>\n<p><a href=\"https:\/\/www.isabelaromasdelmundo.es\/blog\/wp-content\/uploads\/2013\/12\/445-velas-e1387224456627.jpg\">\u00a0<\/a><\/p>\n<p><a href=\"https:\/\/www.isabelaromasdelmundo.es\/blog\/wp-content\/uploads\/2013\/12\/445-velas-e1387224456627.jpg\">\u00a0<\/a><span style=\"color: #cc99ff;\"><em>Vela de decoraci\u00f3n de colecci\u00f3n Tonnet Joya azul-plata<\/em><\/span><\/p>\n<p>&nbsp;<\/p>\n<p><span style=\"color: #cc99ff;\">Son tendencia los colores menta, turquesa, azules y verdes, siendo el contraste adecuado para el plata o el blanco. La combinaci\u00f3n turquesa plata metalizado le dar\u00e1 un toque elegante a tu decoraci\u00f3n.\u00a0<\/span><\/p>\n<p><a href=\"https:\/\/www.isabelaromasdelmundo.es\/blog\/wp-content\/uploads\/2013\/12\/Snowflake-blanca-e1387224521660.png\"><img decoding=\"async\" loading=\"lazy\" class=\"size-full wp-image-389 alignleft\" src=\"https:\/\/www.isabelaromasdelmundo.es\/blog\/wp-content\/uploads\/2013\/12\/Snowflake-blanca-e1387224521660.png\" alt=\"Snowflake blanca\" width=\"211\" height=\"200\" \/><br \/>\n<\/a><\/p>\n<p>&nbsp;<\/p>\n<p>&nbsp;<\/p>\n<p>&nbsp;<\/p>\n<p><em><span style=\"color: #cc99ff;\">Velas de colecci\u00f3n Snowflake blanco-plata<\/span><\/em><\/p>\n<p><span style=\"color: #cc99ff;\">Entre cl\u00e1sica y moderna, esta vela blanca con brillantes pero discretos adornos navide\u00f1os, dar\u00e1 un toque especial a\u00a0tu rinc\u00f3n favorito. Un estilo que transmite tranquilidad y calidez cualquiera que sea la estancia, potenciando la\u00a0claridad y la m\u00e1xima del menos es m\u00e1s.\u00a0<\/span><\/p>\n<p><a href=\"https:\/\/www.isabelaromasdelmundo.es\/blog\/wp-content\/uploads\/2013\/12\/Morada2-e1387224559959.jpg\"><img decoding=\"async\" loading=\"lazy\" class=\"alignleft\" style=\"width: 313px; height: 242px;\" src=\"https:\/\/www.isabelaromasdelmundo.es\/blog\/wp-content\/uploads\/2013\/12\/Morada2-e1387224559959.jpg\" alt=\"Morada2\" width=\"200\" height=\"116\" \/><\/a><\/p>\n<p>&nbsp;<\/p>\n<p>&nbsp;<\/p>\n<p>&nbsp;<\/p>\n<p>&nbsp;<\/p>\n<p><em><span style=\"color: #cc99ff;\">V<a href=\"https:\/\/www.isabelaromasdelmundo.es\/blog\/wp-content\/uploads\/2013\/12\/Morada2-e1387224559959.jpg\"><span style=\"color: #cc99ff;\">elas de colecci\u00f3n Snowflake morado-plata<br \/>\n<\/span><\/a><\/span><\/em><\/p>\n<p>&nbsp;<\/p>\n<p><span style=\"color: #cc99ff;\">Morado o p\u00farpura, mezcla del rojo con el azul. Una mesa decorada con colores morados va a conseguir sorprender y crear ambientes modernos en Navidad. Una mesa de Navidad decorada con morado es una mesa de Navidad ex\u00f3tica y atrevida, pero que har\u00e1 que nadie eche de menos otros colores. Son perfectos para combinar con el morado a la hora de decorar, el blanco o el color plata.\u00a0<\/span><\/p>\n<p><a href=\"https:\/\/www.isabelaromasdelmundo.es\/blog\/wp-content\/uploads\/2013\/12\/Fanales-dorados-e1387224753389.jpg\"><img decoding=\"async\" loading=\"lazy\" class=\"alignleft\" style=\"width: 279px; height: 219px;\" src=\"https:\/\/www.isabelaromasdelmundo.es\/blog\/wp-content\/uploads\/2013\/12\/Fanales-dorados-e1387224753389.jpg\" alt=\"Fanales dorados\" width=\"200\" height=\"133\" \/><\/a><em><span style=\"color: #cc99ff;\"><br \/>\n<\/span><\/em><\/p>\n<p>&nbsp;<\/p>\n<p>&nbsp;<\/p>\n<p>&nbsp;<\/p>\n<p><em><span style=\"color: #cc99ff;\">Fanales o velas huecas\u00a0 en color dorado.<\/span><\/em><\/p>\n<p><span style=\"color: #cc99ff;\">Para centros de mesas o decoraci\u00f3n de jard\u00edn\u00a0y escaleras. Estos fanales son muy pr\u00e1cticos. Solo hay que cambiar la vela del interior y despu\u00e9s se vuelven a utilizar otra vez.\u00a0Los fanales cil\u00edndricos son una excelente opci\u00f3n por su versatilidad, ya que son f\u00e1ciles de combinar con cualquier arreglo, por su c\u00e1lida iluminaci\u00f3n se usan en todo lugar y proyectan un ambiente relajante.<\/span><\/p>\n<p><a href=\"https:\/\/www.isabelaromasdelmundo.es\/blog\/wp-content\/uploads\/2013\/12\/vaso-crochet-e1387224696532.jpg\"><img decoding=\"async\" loading=\"lazy\" class=\"alignleft\" src=\"https:\/\/www.isabelaromasdelmundo.es\/blog\/wp-content\/uploads\/2013\/12\/vaso-crochet-e1387224696532.jpg\" alt=\"vaso-crochet\" width=\"200\" height=\"247\" \/><\/a><\/p>\n<p>&nbsp;<\/p>\n<p>&nbsp;<\/p>\n<p>&nbsp;<\/p>\n<p>&nbsp;<\/p>\n<p><span style=\"color: #cc99ff;\"><em>Porta-velas votivas de\u00a0cristal decorado cenefa encaje de bolillos.<\/em><\/span><\/p>\n<p>&nbsp;<\/p>\n<p><span style=\"color: #cc99ff;\">Original porta-velas de cristal decorado en tonos dorados, que asemeja una puntilla en encaje de bolillos. Puedes repartir varios de estos porta-velas por el sal\u00f3n, en repisa, escaleras&#8230; y para la mesa, mezclado con los fanales y alguna bola en color dorado y plateado.<\/span><\/p>\n<p><a href=\"https:\/\/www.isabelaromasdelmundo.es\/blog\/wp-content\/uploads\/2013\/12\/WINTER-201217-2.jpg\"><img decoding=\"async\" loading=\"lazy\" class=\" wp-image-386 alignnone\" src=\"https:\/\/www.isabelaromasdelmundo.es\/blog\/wp-content\/uploads\/2013\/12\/WINTER-201217-2.jpg\" alt=\"WINTER-201217-2\" width=\"800\" height=\"460\" srcset=\"https:\/\/www.isabelaromasdelmundo.es\/blog\/wp-content\/uploads\/2013\/12\/WINTER-201217-2.jpg 800w, https:\/\/www.isabelaromasdelmundo.es\/blog\/wp-content\/uploads\/2013\/12\/WINTER-201217-2-300x172.jpg 300w, https:\/\/www.isabelaromasdelmundo.es\/blog\/wp-content\/uploads\/2013\/12\/WINTER-201217-2-500x287.jpg 500w\" sizes=\"(max-width: 800px) 100vw, 800px\" \/><\/a><\/p>\n<p><a href=\"https:\/\/www.isabelaromasdelmundo.es\/blog\/wp-content\/uploads\/2013\/12\/Velas_Navidad_christmas-touch-red_m-e1387224482906.jpg\"><img decoding=\"async\" loading=\"lazy\" class=\"alignleft\" style=\"width: 274px; height: 289px;\" src=\"https:\/\/www.isabelaromasdelmundo.es\/blog\/wp-content\/uploads\/2013\/12\/Velas_Navidad_christmas-touch-red_m-e1387224482906.jpg\" alt=\"Velas_Navidad_christmas-touch-red_m\" width=\"200\" height=\"200\" \/><br \/>\n<\/a><\/p>\n<p>&nbsp;<\/p>\n<p>&nbsp;<\/p>\n<p>&nbsp;<\/p>\n<p>&nbsp;<\/p>\n<p><span style=\"color: #cc99ff;\"><em>Velas Navidad Christmas Touch Rojo.<\/em><\/span><\/p>\n<p>&nbsp;<\/p>\n<p><span style=\"color: #cc99ff;\">Y no pod\u00eda faltar la vela con la decoraci\u00f3n t\u00edpica de Navidad. El rojo, sin duda, es el que representa esta \u00e9poca,\u00a0esta vez el rojo toma m\u00e1s protagonismo y se lucir\u00e1 junto con el dorado y plateado.<\/span><\/p>\n<p><a href=\"https:\/\/www.isabelaromasdelmundo.es\/blog\/wp-content\/uploads\/2013\/12\/2013-04-13-14.46.52-e1387224784703.jpg\"><img decoding=\"async\" loading=\"lazy\" class=\"alignnone\" src=\"https:\/\/www.isabelaromasdelmundo.es\/blog\/wp-content\/uploads\/2013\/12\/2013-04-13-14.46.52-768x1024.jpg\" alt=\"2013-04-13 14.46.52\" width=\"200\" height=\"299\" \/><\/a><em><span style=\"color: #cc99ff;\">Velas Basic Mate Blanco.<\/span><\/em><\/p>\n<p><span style=\"color: #cc99ff;\">Para las m\u00e1s tradicionales un centro con velas blancas y bolas plateadas o doradas es una buena alternativa. En este caso el blanco un color claro que unifica y que es el s\u00edmbolo de tranquilidad y de paz, puede formar parte de una mesa navide\u00f1a brindando elegancia y detalles sorprendentes.<\/span><\/p>\n<p><a href=\"https:\/\/www.isabelaromasdelmundo.es\/blog\/wp-content\/uploads\/2013\/12\/vela-perfumada-chocolate2-e1387224652906.jpg\"><img decoding=\"async\" loading=\"lazy\" class=\"size-full wp-image-385 alignnone\" src=\"https:\/\/www.isabelaromasdelmundo.es\/blog\/wp-content\/uploads\/2013\/12\/vela-perfumada-chocolate2-e1387224652906.jpg\" alt=\"vela-perfumada-chocolate2\" width=\"200\" height=\"245\" \/><\/a><\/p>\n<p><span style=\"color: #cc99ff;\">Velas rojas, blancas, doradas, pi\u00f1as, bolas navide\u00f1as, flores frescas, y las tonalidades de verde, rojo, blanco, plateado y dorado, en la mayor\u00eda de los elementos y objetos de decoraci\u00f3n, ofrecen una c\u00e1lida y alegre sensaci\u00f3n a la decoraci\u00f3n\u00a0en Navidad.<\/span><\/p>\n<p><span style=\"color: #cc99ff;\">Estas son ideas simples que te har\u00e1n lucir y generar un lindo clima navide\u00f1o.<\/span><\/p>\n<p><span style=\"color: #cc99ff;\">Arom\u00e1ticos saludos.<\/span><\/p>\n<p>Tienda: <a href=\"http:\/\/www.isabelaromasdelmundo.es\" target=\"_blank\">http:\/\/www.isabelaromasdelmundo.es<\/a><\/p>\n<p>&nbsp;<\/p>\n<p>&nbsp;<\/p>\n<p><a href=\"https:\/\/www.isabelaromasdelmundo.es\/blog\/wp-content\/uploads\/2013\/12\/outdoors-tealight-e1387224722296.jpg\">\u00a0<\/a><\/p>\n<p><a href=\"https:\/\/www.isabelaromasdelmundo.es\/blog\/wp-content\/uploads\/2013\/12\/outdoors-tealight-e1387224722296.jpg\">\u00a0<\/a><\/p>\n<p><a href=\"https:\/\/www.isabelaromasdelmundo.es\/blog\/wp-content\/uploads\/2013\/12\/2013-04-13-14.46.52-e1387224784703.jpg\">\u00a0<\/a><\/p>\n<p>&nbsp;<\/p>\n<p>&nbsp;<\/p>\n<p>&nbsp;<\/p>\n<p>&nbsp;<\/p>\n<p>&nbsp;<\/p>\n<p>&nbsp;<\/p>\n<p>&nbsp;<\/p>\n<p>&nbsp;<\/p>\n<p>&nbsp;<\/p>\n<p>&nbsp;<\/p>\n<p>&nbsp;<\/p>\n<p>&nbsp;<\/p>\n<p>&nbsp;<\/p>\n<p>&nbsp;<\/p>\n<p>&nbsp;<\/p>\n<p>&nbsp;<\/p>\n<p>&nbsp;<\/p>\n<p>&nbsp;<\/p>\n<p>&nbsp;<\/p>\n<p>&nbsp;<\/p>\n<p>&nbsp;<\/p>\n<p>&nbsp;<\/p>\n<p>&nbsp;<\/p>\n<p>&nbsp;<\/p>\n<p>&nbsp;<\/p>\n<p>&nbsp;<\/p>\n<p>&nbsp;<\/p>\n<p>&nbsp;<\/p>\n<p>&nbsp;<\/p>\n<p>&nbsp;<\/p>\n<p>&nbsp;<\/p>\n<p>&nbsp;<\/p>\n<p>&nbsp;<\/p>\n<p>&nbsp;<\/p>\n<p>&nbsp;<\/p>\n<p>&nbsp;<\/p>\n<p>&nbsp;<\/p>\n<p>&nbsp;<\/p>\n<p>&nbsp;<\/p>\n<p>&nbsp;<\/p>\n<p>&nbsp;<\/p>\n<p>&nbsp;<\/p>\n<p>&nbsp;<\/p>\n<p>&nbsp;<\/p>\n<p>&nbsp;<\/p>\n<p>&nbsp;<\/p>\n<p>&nbsp;<\/p>\n<p>&nbsp;<\/p>\n<p>&nbsp;<\/p>\n<p>&nbsp;<\/p>\n<p>&nbsp;<\/p>\n<p>&nbsp;<\/p>\n<p>&nbsp;<\/p>\n<p>&nbsp;<\/p>\n<p>&nbsp;<\/p>\n<p>&nbsp;<\/p>\n<p>&nbsp;<\/p>\n<p>&nbsp;<\/p>\n<p>&nbsp;<\/p>\n<p>&nbsp;<\/p>\n<p>&nbsp;<\/p>\n<p>&nbsp;<\/p>\n<p>&nbsp;<\/p>\n<p>&nbsp;<\/p>\n<p>&nbsp;<\/p>\n<p>&nbsp;<\/p>\n<p>&nbsp;<\/p>\n<p>&nbsp;<\/p>\n<p>&nbsp;<\/p>\n<p>&nbsp;<\/p>\n<p>&nbsp;<\/p>\n<p>&nbsp;<\/p>\n<p>&nbsp;<\/p>\n<p>&nbsp;<\/p>\n<p>&nbsp;<\/p>\n<p>&nbsp;<\/p>\n<p>&nbsp;<\/p>\n<p>&nbsp;<\/p>\n<p>&nbsp;<\/p>\n<p>&nbsp;<\/p>\n<p>&nbsp;<\/p>\n<p>&nbsp;<\/p>\n<p>&nbsp;<\/p>\n","protected":false},"excerpt":{"rendered":"<p>Las Velas en Navidad. Todos sabemos la importancia que tienen las velas a la hora de decorar nuestros hogares. Las velas tienen una larga tradici\u00f3n en la decoraci\u00f3n de las fiestas, pero probablemente, \u00a0se les puede sacar mucho m\u00e1s partido &hellip; <a href=\"https:\/\/www.isabelaromasdelmundo.es\/blog\/380\/\">Sigue leyendo <span class=\"meta-nav\">&rarr;<\/span><\/a><\/p>\n","protected":false},"author":2,"featured_media":0,"comment_status":"open","ping_status":"open","sticky":false,"template":"","format":"standard","meta":[],"categories":[1],"tags":[7,34],"_links":{"self":[{"href":"https:\/\/www.isabelaromasdelmundo.es\/blog\/wp-json\/wp\/v2\/posts\/380"}],"collection":[{"href":"https:\/\/www.isabelaromasdelmundo.es\/blog\/wp-json\/wp\/v2\/posts"}],"about":[{"href":"https:\/\/www.isabelaromasdelmundo.es\/blog\/wp-json\/wp\/v2\/types\/post"}],"author":[{"embeddable":true,"href":"https:\/\/www.isabelaromasdelmundo.es\/blog\/wp-json\/wp\/v2\/users\/2"}],"replies":[{"embeddable":true,"href":"https:\/\/www.isabelaromasdelmundo.es\/blog\/wp-json\/wp\/v2\/comments?post=380"}],"version-history":[{"count":21,"href":"https:\/\/www.isabelaromasdelmundo.es\/blog\/wp-json\/wp\/v2\/posts\/380\/revisions"}],"predecessor-version":[{"id":405,"href":"https:\/\/www.isabelaromasdelmundo.es\/blog\/wp-json\/wp\/v2\/posts\/380\/revisions\/405"}],"wp:attachment":[{"href":"https:\/\/www.isabelaromasdelmundo.es\/blog\/wp-json\/wp\/v2\/media?parent=380"}],"wp:term":[{"taxonomy":"category","embeddable":true,"href":"https:\/\/www.isabelaromasdelmundo.es\/blog\/wp-json\/wp\/v2\/categories?post=380"},{"taxonomy":"post_tag","embeddable":true,"href":"https:\/\/www.isabelaromasdelmundo.es\/blog\/wp-json\/wp\/v2\/tags?post=380"}],"curies":[{"name":"wp","href":"https:\/\/api.w.org\/{rel}","templated":true}]}}