{"id":428,"date":"2014-03-16T21:32:47","date_gmt":"2014-03-16T19:32:47","guid":{"rendered":"http:\/\/www.isabelaromasdelmundo.es\/blog\/?p=428"},"modified":"2014-03-16T21:39:57","modified_gmt":"2014-03-16T19:39:57","slug":"incienso-1","status":"publish","type":"post","link":"https:\/\/www.isabelaromasdelmundo.es\/blog\/incienso-1\/","title":{"rendered":"INCIENSO (1)"},"content":{"rendered":"<h1><span style=\"color: #cc66ff;\">La Magia del Incienso.<\/span><\/h1>\n<p><em><span style=\"color: #cc99ff;\">Me gustan los <strong>Inciensos<\/strong>&#8230; otra forma de disfrutar de la <strong>Aromaterapia<\/strong>.\u00a0Hoy\u00a0os voy a hablar de ellos. No tengo una pauta para encenderlos, todo depende del momento, de lo que est\u00e9 haciendo o de c\u00f3mo me encuentre en ese momento, y tampoco tengo un aroma concreto, me gustan varios, soy muy ecl\u00e9ctica, aunque si hay unos que me gustan m\u00e1s que otros. Ya os dir\u00e9 cuales.<\/span><\/em><\/p>\n<p><em><span style=\"color: #cc99ff;\">Os dejo una breve informaci\u00f3n. Espero que os resulte interesante&#8230;<\/span><\/em><\/p>\n<p><span style=\"color: #cc99ff;\">Por todos es conocido el <strong>Incienso, <\/strong>pero pocos sabemos la <strong>importancia <\/strong>y el <strong>efecto <\/strong>de \u00e9ste en <strong>nuestras<\/strong> <strong>vidas<\/strong>. Conozcamos un poco de sus <strong>or\u00edgenes<\/strong>, <strong>usos <\/strong>y algunas <strong>recomendaciones<\/strong>.<\/span><\/p>\n<p><a href=\"https:\/\/www.isabelaromasdelmundo.es\/blog\/wp-content\/uploads\/2014\/03\/incienso-1-2.jpg\"><span style=\"color: #cc99ff;\"><span style=\"color: #cc99ff;\"><img decoding=\"async\" loading=\"lazy\" class=\"wp-image-429 aligncenter\" style=\"width: 263px;\" alt=\"incienso (1)-2\" src=\"https:\/\/www.isabelaromasdelmundo.es\/blog\/wp-content\/uploads\/2014\/03\/incienso-1-2.jpg\" width=\"357\" height=\"144\" \/><\/span><\/span><\/a><\/p>\n<p><span style=\"color: #cc99ff;\">La palabra <strong>incienso<\/strong> procede del lat\u00edn <strong>incensum<\/strong>, \u00abencender\u00bb,\u00a0y se ha usado desde hace miles de a\u00f1os por <strong>Civilizaciones <\/strong>como <strong>la Egipcia, la Griega, la Hind\u00fa,\u00a0<\/strong>o la civilizaci\u00f3n <strong>Cristiana<\/strong>, como una forma de agradar a los <strong>Dioses<\/strong>.<\/span><\/p>\n<p><span style=\"color: #cc99ff;\">En <strong>Oriente <\/strong>existe la creencia de que el incienso es un <strong>veh\u00edculo<\/strong> maravilloso para que las <strong>oraciones <\/strong>lleguen m\u00e1s r\u00e1pido a los <strong>dioses. <\/strong>El incienso m\u00e1s<strong> popular <\/strong>en <strong>Oriente <\/strong>es el S<strong>\u00e1ndalo <\/strong>y en la <strong>India <\/strong>es un elemento b\u00e1sico para cualquier incienso que se fabrique all\u00ed.<\/span><\/p>\n<p><span style=\"color: #cc99ff;\">Existen <strong>muchos<\/strong> <strong>aromas<\/strong><strong> \u00a0<\/strong>y cada uno de ellos tiene un <strong>prop\u00f3sito<\/strong> <strong>especial<\/strong>, adem\u00e1s de los ya tradicionales de <strong>purificar<\/strong> el <strong>ambiente<\/strong>.<\/span><\/p>\n<p><a href=\"https:\/\/www.isabelaromasdelmundo.es\/blog\/wp-content\/uploads\/2014\/03\/Presentaci\u00f3n1-1.jpg\"><img decoding=\"async\" loading=\"lazy\" class=\"alignnone  wp-image-445\" style=\"width: 424px;\" alt=\"Inciensos Aromas\" src=\"https:\/\/www.isabelaromasdelmundo.es\/blog\/wp-content\/uploads\/2014\/03\/Presentaci\u00f3n1-1.jpg\" width=\"431\" height=\"166\" \/><\/a><\/p>\n<p><span style=\"color: #cc99ff;\">Crea un <strong>estado <\/strong>de <strong>calma <\/strong>y <strong>relajaci\u00f3n <\/strong>en nuestro entorno, nos acerc<\/span><span style=\"color: #cc99ff;\">a a la <strong>paz interior, <\/strong>abre la <strong>mente, <\/strong>trae <strong>armon\u00eda <\/strong>a nuestros<strong><strong><\/strong><strong> \u00a0<\/strong>hogares <\/strong>o en nuestro <strong>trabajo <\/strong>y crea un ambiente <strong>limpio<\/strong> y <strong>agradable<\/strong>, liber\u00e1ndonos de energ\u00edas <strong>negativas<\/strong>; \u00a0atrae la energ\u00eda <strong>positiva<\/strong> y <strong>purifica<\/strong> el <strong>entorno<\/strong> y a las <strong>personas, libr\u00e1ndonos <\/strong>de las <strong>malas<\/strong> <strong>influencias<\/strong>.<\/span><\/p>\n<p><span style=\"color: #cc99ff;\"><strong>Perfuma, relaja y armoniza la mente<\/strong>. Tiene grandes <strong>poderes espirituales<\/strong>, facilita la <strong>concentraci\u00f3n <\/strong>y la <strong>meditaci\u00f3n<\/strong> <strong>individual<\/strong> o de un <strong>grupo.<\/strong><\/span><\/p>\n<p><a href=\"https:\/\/www.isabelaromasdelmundo.es\/blog\/wp-content\/uploads\/2014\/03\/r-INCIENSO-large570-2.jpg\"><img decoding=\"async\" loading=\"lazy\" class=\"alignnone  wp-image-447\" alt=\"Meditaci\u00f3n con Incienso\" src=\"https:\/\/www.isabelaromasdelmundo.es\/blog\/wp-content\/uploads\/2014\/03\/r-INCIENSO-large570-2.jpg\" width=\"423\" height=\"238\" srcset=\"https:\/\/www.isabelaromasdelmundo.es\/blog\/wp-content\/uploads\/2014\/03\/r-INCIENSO-large570-2.jpg 423w, https:\/\/www.isabelaromasdelmundo.es\/blog\/wp-content\/uploads\/2014\/03\/r-INCIENSO-large570-2-300x168.jpg 300w\" sizes=\"(max-width: 423px) 100vw, 423px\" \/><\/a><\/p>\n<p><span style=\"color: #cc99ff;\">El <strong>Incienso Natural Aut\u00e9ntico <\/strong>es una preparaci\u00f3n de <strong>resinas arom\u00e1ticas vegetales,<\/strong> a las que se a\u00f1aden<strong> aceites<\/strong> <strong>esenciales<\/strong>, de forma que al arder desprenda un<strong> humo fragante<\/strong> con <strong>fines<\/strong> <strong>m\u00edsticos<\/strong>, <strong>terap\u00e9uticos<\/strong> o <strong>espirituales.<\/strong><\/span><\/p>\n<p><a href=\"https:\/\/www.isabelaromasdelmundo.es\/blog\/wp-content\/uploads\/2014\/03\/incienso-benzoina-natural-de-etiopia-500gr.jpg\"><img decoding=\"async\" loading=\"lazy\" class=\"wp-image-435 alignnone\" style=\"width: 208px;\" alt=\"incienso-benzoina-natural-de-etiopia-500gr\" src=\"https:\/\/www.isabelaromasdelmundo.es\/blog\/wp-content\/uploads\/2014\/03\/incienso-benzoina-natural-de-etiopia-500gr.jpg\" width=\"330\" height=\"223\" \/><\/a><\/p>\n<p><span style=\"color: #cc99ff;\">En cualquier caso, <strong>existen muchos tipos <\/strong>de <strong>incienso<\/strong> para <strong>diferentes prop\u00f3sitos<\/strong>, tanto <strong>religiosos <\/strong>como puramente <strong>relajantes <\/strong>o simplemente para <strong>perfumar <\/strong>una<strong> estancia.<\/strong><\/span><\/p>\n<p><a href=\"https:\/\/www.isabelaromasdelmundo.es\/blog\/wp-content\/uploads\/2014\/03\/untitled.png\"><img decoding=\"async\" loading=\"lazy\" class=\"alignnone  wp-image-451\" style=\"width: 148px;\" alt=\"Incensario\" src=\"https:\/\/www.isabelaromasdelmundo.es\/blog\/wp-content\/uploads\/2014\/03\/untitled-150x150.png\" width=\"150\" height=\"127\" \/><\/a>\u00a0<a href=\"https:\/\/www.isabelaromasdelmundo.es\/blog\/wp-content\/uploads\/2014\/03\/Blog.jpg\"><img decoding=\"async\" loading=\"lazy\" class=\"alignnone\" style=\"width: 196px; height: 147px;\" alt=\"Blog\" src=\"https:\/\/www.isabelaromasdelmundo.es\/blog\/wp-content\/uploads\/2014\/03\/Blog-150x150.jpg\" width=\"150\" height=\"150\" \/><\/a><a href=\"https:\/\/www.isabelaromasdelmundo.es\/blog\/wp-content\/uploads\/2014\/03\/cyclepureincense-trailuses-of-incense-2.jpg\"><img decoding=\"async\" loading=\"lazy\" class=\"alignnone  wp-image-455\" style=\"width: 152px;\" alt=\"Incienso ambiente\" src=\"https:\/\/www.isabelaromasdelmundo.es\/blog\/wp-content\/uploads\/2014\/03\/cyclepureincense-trailuses-of-incense-2-150x150.jpg\" width=\"150\" height=\"124\" \/><\/a><\/p>\n<p><span style=\"color: #cc99ff;\">A lo largo de la <strong>Historia<\/strong>, el <strong>Incienso <\/strong>ha formado parte de todas las <strong>Culturas, <\/strong>en las diferentes <strong>Religiones <\/strong>y <strong>Creencias<\/strong>. Se cree que se <strong>origin\u00f3 <\/strong>en el <strong>Medio Oriente<\/strong>, en las civilizaciones m\u00e1s antiguas. Tanto en el <strong>Lejano<\/strong> <strong>Oriente<\/strong>, como en la <strong>India<\/strong>,\u00a0en la <strong>Am\u00e9rica Precolombina<\/strong>, en <strong>Europa <\/strong>y pr\u00e1cticamente en casi\u00a0todo el mundo, hay <strong>testimonios <\/strong>del uso de los <strong>sahumerios <\/strong>para <strong>venerar <\/strong>a los <strong>dioses<\/strong>.<\/span><\/p>\n<p><span style=\"color: #cc99ff;\">Las sociedades <strong>China<\/strong> \u00a0y <strong>Japonesa <\/strong>usaron el incienso como parte integral de la adoraci\u00f3n de <strong>Deidades<\/strong> <strong>Hind\u00faes<\/strong>. Tambi\u00e9n<\/span><br \/>\n<span style=\"color: #cc99ff;\">es importante su uso en el <strong>Budismo<\/strong>, en la <strong>Iglesia Cat\u00f3lica<\/strong>, para la <strong>Adoraci\u00f3n Eucar\u00edstica<\/strong>, procesiones de <strong>Semana Santa, etc.<\/strong>, en la <strong>Divina Liturgia<\/strong> de la <strong>Iglesia Ortodoxa<\/strong> y, en <strong>menor medida<\/strong>, en otras <strong>confesiones cristianas.<\/strong><\/span><\/p>\n<p><a href=\"https:\/\/www.isabelaromasdelmundo.es\/blog\/wp-content\/uploads\/2014\/03\/frase-los-jardines-se-extendian-oscuros-bajo-la-noche-pero-los-ruisenores-ya-habian-empezado-a-taylor-caldwell-200790.jpg\"><img decoding=\"async\" loading=\"lazy\" class=\"alignnone size-medium wp-image-467\" alt=\"frase-los-jardines-se-extendian-oscuros-bajo-la-noche-pero-los-ruisenores-ya-habian-empezado-a-taylor-caldwell-200790\" src=\"https:\/\/www.isabelaromasdelmundo.es\/blog\/wp-content\/uploads\/2014\/03\/frase-los-jardines-se-extendian-oscuros-bajo-la-noche-pero-los-ruisenores-ya-habian-empezado-a-taylor-caldwell-200790-300x141.jpg\" width=\"300\" height=\"141\" srcset=\"https:\/\/www.isabelaromasdelmundo.es\/blog\/wp-content\/uploads\/2014\/03\/frase-los-jardines-se-extendian-oscuros-bajo-la-noche-pero-los-ruisenores-ya-habian-empezado-a-taylor-caldwell-200790-300x141.jpg 300w, https:\/\/www.isabelaromasdelmundo.es\/blog\/wp-content\/uploads\/2014\/03\/frase-los-jardines-se-extendian-oscuros-bajo-la-noche-pero-los-ruisenores-ya-habian-empezado-a-taylor-caldwell-200790-500x235.jpg 500w, https:\/\/www.isabelaromasdelmundo.es\/blog\/wp-content\/uploads\/2014\/03\/frase-los-jardines-se-extendian-oscuros-bajo-la-noche-pero-los-ruisenores-ya-habian-empezado-a-taylor-caldwell-200790.jpg 850w\" sizes=\"(max-width: 300px) 100vw, 300px\" \/><\/a><\/p>\n<p><em><span style=\"color: #cc99ff;\">En un pr\u00f3ximo post, os hablar\u00e9 de los diferentes aromas y su <span style=\"color: #cc66ff;\"><span style=\"color: #cc99ff;\">significado<\/span>.<\/span><\/span><\/em><\/p>\n<p><em><span style=\"color: #cc99ff;\">Arom\u00e1ticos Saludos.<\/span><\/em><\/p>\n<p>&nbsp;<\/p>\n<p>&nbsp;<\/p>\n<p><span style=\"color: #cc99ff;\"><strong>AVISO<\/strong><b>: <\/b><em><strong>La informaci\u00f3n contenida en este blog tiene car\u00e1cter meramente informativo y no puede\u00a0sustituir la prescripci\u00f3n, diagn\u00f3stico o tratamiento m\u00e9dico. <\/strong><strong>Si tiene problemas de salud, consulte a su m\u00e9dico.<\/strong><\/em><\/span><\/p>\n","protected":false},"excerpt":{"rendered":"<p>La Magia del Incienso. Me gustan los Inciensos&#8230; otra forma de disfrutar de la Aromaterapia.\u00a0Hoy\u00a0os voy a hablar de ellos. No tengo una pauta para encenderlos, todo depende del momento, de lo que est\u00e9 haciendo o de c\u00f3mo me encuentre &hellip; <a href=\"https:\/\/www.isabelaromasdelmundo.es\/blog\/incienso-1\/\">Sigue leyendo <span class=\"meta-nav\">&rarr;<\/span><\/a><\/p>\n","protected":false},"author":2,"featured_media":0,"comment_status":"open","ping_status":"open","sticky":false,"template":"","format":"standard","meta":[],"categories":[37],"tags":[43,19,41,38,40,39,42],"_links":{"self":[{"href":"https:\/\/www.isabelaromasdelmundo.es\/blog\/wp-json\/wp\/v2\/posts\/428"}],"collection":[{"href":"https:\/\/www.isabelaromasdelmundo.es\/blog\/wp-json\/wp\/v2\/posts"}],"about":[{"href":"https:\/\/www.isabelaromasdelmundo.es\/blog\/wp-json\/wp\/v2\/types\/post"}],"author":[{"embeddable":true,"href":"https:\/\/www.isabelaromasdelmundo.es\/blog\/wp-json\/wp\/v2\/users\/2"}],"replies":[{"embeddable":true,"href":"https:\/\/www.isabelaromasdelmundo.es\/blog\/wp-json\/wp\/v2\/comments?post=428"}],"version-history":[{"count":35,"href":"https:\/\/www.isabelaromasdelmundo.es\/blog\/wp-json\/wp\/v2\/posts\/428\/revisions"}],"predecessor-version":[{"id":483,"href":"https:\/\/www.isabelaromasdelmundo.es\/blog\/wp-json\/wp\/v2\/posts\/428\/revisions\/483"}],"wp:attachment":[{"href":"https:\/\/www.isabelaromasdelmundo.es\/blog\/wp-json\/wp\/v2\/media?parent=428"}],"wp:term":[{"taxonomy":"category","embeddable":true,"href":"https:\/\/www.isabelaromasdelmundo.es\/blog\/wp-json\/wp\/v2\/categories?post=428"},{"taxonomy":"post_tag","embeddable":true,"href":"https:\/\/www.isabelaromasdelmundo.es\/blog\/wp-json\/wp\/v2\/tags?post=428"}],"curies":[{"name":"wp","href":"https:\/\/api.w.org\/{rel}","templated":true}]}}