{"id":517,"date":"2017-09-14T18:54:48","date_gmt":"2017-09-14T16:54:48","guid":{"rendered":"http:\/\/www.isabelaromasdelmundo.es\/blog\/?p=517"},"modified":"2017-09-14T18:54:48","modified_gmt":"2017-09-14T16:54:48","slug":"vuelta-al-cole-bio","status":"publish","type":"post","link":"https:\/\/www.isabelaromasdelmundo.es\/blog\/vuelta-al-cole-bio\/","title":{"rendered":"Vuelta al cole \u00abBIO\u00bb"},"content":{"rendered":"<p><span style=\"color: #cc99ff; font-family: Calibri; font-size: medium;\"><strong><img decoding=\"async\" loading=\"lazy\" class=\"wp-image-524 alignnone\" src=\"https:\/\/www.isabelaromasdelmundo.es\/blog\/wp-content\/uploads\/2017\/09\/Vuelta-al-cole-2017-blog-150x150.jpg\" alt=\"\" width=\"298\" height=\"298\" \/> <\/strong><\/span><\/p>\n<p><span style=\"color: #cc99ff;\"><strong>Ya estamos en septiembre<\/strong>, y como cada a\u00f1o tenemos que <strong>organizar la Vuelta al cole<\/strong> de nuestros hijos. Despu\u00e9s del verano, todo vuelve a la normalidad y a la rutina\u2026 Haz que <strong>esta rutina sea m\u00e1s amena<\/strong> a la hora retomar las actividades diarias. La vuelta al cole supone un <strong>nuevo cambio en el entorno familiar<\/strong> y tenemos que <strong>motivar a nuestros hijos<\/strong> con las novedades que se encontrar\u00e1n al principio del curso. <strong>An\u00edmalos dici\u00e9ndoles<\/strong>, por ejemplo, que van a volver a <strong>encontrarse con sus amiguitos del curso anterior<\/strong>, la de <strong>cosas nuevas que van a aprender<\/strong>, haciendo hincapi\u00e9 en los temas que a ellos m\u00e1s les gustan, incluso los<strong> nuevos compa\u00f1eros que van a conocer<\/strong>. Tras los <strong>preparativos previos<\/strong>, como <strong>equipar a los m\u00e1s peque\u00f1os de la ropa adecuada, material escolar para todo el curso, etc<\/strong>.\u2026 <strong>no podemos olvidarnos de los productos de ba\u00f1o y aseo<\/strong>, especialmente indicados para ellos.<\/span><\/p>\n<p><span style=\"color: #cc99ff; font-family: Calibri; font-size: medium;\"><strong>.<\/strong><\/span> <img decoding=\"async\" loading=\"lazy\" class=\"alignnone wp-image-540\" src=\"https:\/\/www.isabelaromasdelmundo.es\/blog\/wp-content\/uploads\/2017\/09\/bagno-bimbo-150x150.jpg\" alt=\"\" width=\"179\" height=\"179\" \/><\/p>\n<p><strong><span style=\"color: #cc99ff; font-family: Calibri;\">Gel de Ba\u00f1o para ni\u00f1os y beb\u00e9s Flores de Bach.<\/span><\/strong><\/p>\n<p><span style=\"color: #cc99ff; font-family: Calibri;\">Una vez preparada la mochila con sus cuadernos, libros, lapiceros, etc., <strong>no te olvides de preparar su neceser<\/strong>, sobre todo si se quedan a comer en el cole.<\/span><\/p>\n<p><img decoding=\"async\" loading=\"lazy\" class=\"alignnone wp-image-532\" src=\"https:\/\/www.isabelaromasdelmundo.es\/blog\/wp-content\/uploads\/2017\/09\/Vuelta-al-cole-2017-1-150x150.jpg\" alt=\"\" width=\"187\" height=\"187\" \/><\/p>\n<p><span style=\"color: #cc99ff; font-family: Calibri;\">Hazlo con ellos, <strong>ponles una pastilla de jab\u00f3n peque\u00f1a, unos pa\u00f1uelos de papel, el cepillo de dientes, su dent\u00edfrico, un peque\u00f1o peine o cepillo para el cabello<\/strong>\u2026 etc., etc., pero recuerda que los <strong>productos sean naturales<\/strong>, ya has invertido en el presupuesto del material escolar, un poco m\u00e1s en su aseo<strong> no ser\u00e1 mucho m\u00e1s costoso<\/strong>, <strong>los padres queremos lo mejor para nuestros hijos<\/strong> y <strong>tener una piel sana es muy importante<\/strong>.<\/span><\/p>\n<p><img decoding=\"async\" loading=\"lazy\" class=\"alignnone wp-image-541\" src=\"https:\/\/www.isabelaromasdelmundo.es\/blog\/wp-content\/uploads\/2017\/09\/Corporal-InfantilCalendula-150x150.jpg\" alt=\"\" width=\"178\" height=\"178\" srcset=\"https:\/\/www.isabelaromasdelmundo.es\/blog\/wp-content\/uploads\/2017\/09\/Corporal-InfantilCalendula-150x150.jpg 150w, https:\/\/www.isabelaromasdelmundo.es\/blog\/wp-content\/uploads\/2017\/09\/Corporal-InfantilCalendula-298x300.jpg 298w, https:\/\/www.isabelaromasdelmundo.es\/blog\/wp-content\/uploads\/2017\/09\/Corporal-InfantilCalendula.jpg 585w\" sizes=\"(max-width: 178px) 100vw, 178px\" \/><\/p>\n<p><strong><span style=\"color: #cc99ff; font-family: Calibri;\">Crema Corporal Infantil de Cal\u00e9ndula.<\/span><\/strong><\/p>\n<p><span style=\"color: #cc99ff; font-family: Calibri;\"><strong>En Isabel Aromas del Mundo<\/strong>, puedes encontrar productos, que no por ser naturales son m\u00e1s caros, y que marcan la diferencia entre una<strong> piel fresca, suave y jugosa<\/strong>, ante una piel reseca y ajada por los productos qu\u00edmicos.<\/span><\/p>\n<p>&nbsp;<\/p>\n<p><img decoding=\"async\" loading=\"lazy\" class=\"alignnone wp-image-542\" src=\"https:\/\/www.isabelaromasdelmundo.es\/blog\/wp-content\/uploads\/2017\/09\/aromers-pack-petit-150x150.png\" alt=\"\" width=\"189\" height=\"189\" \/><\/p>\n<p><strong><span style=\"color: #cc99ff;\">Eau de Toilette, tap\u00f3n aluminio + rafia.<\/span><\/strong><\/p>\n<p><span style=\"color: #cc99ff;\"><strong>Aceites esenciales para uso en ni\u00f1os<\/strong>. Se puede usar aceites esenciales en ni\u00f1os y beb\u00e9s pero <strong>seleccion\u00e1ndolos con mucho cuidado<\/strong>.<\/span><\/p>\n<p><span style=\"color: #cc99ff;\"><strong>La aromaterapia ofrece grandes beneficios<\/strong> a la hora de tratar algunos de los <strong>peque\u00f1os trastornos habituales que sufren nuestros peque\u00f1os<\/strong>: resfriados, problemas digestivos, agitaci\u00f3n, pupas y otras heridas, problemas dermatol\u00f3gicos\u2026<\/span><\/p>\n<p><span style=\"color: #cc99ff;\">Inhalar los aromas adecuados, adem\u00e1s de ayudarnos a superar ciertas dolencias, tambi\u00e9n puede hacernos la vida m\u00e1s placentera.<\/span><\/p>\n<p><span style=\"color: #cc99ff;\">Aqu\u00ed os dejo tres de los aceites esenciales m\u00e1s indicados en ni\u00f1@s.<\/span><\/p>\n<p><span style=\"color: #cc99ff;\"><strong>El primero y m\u00e1s indicado es el aceite esencial de \u00c1rbol de T\u00e9 <\/strong>(Melaleuca alternifolia). Adem\u00e1s de otras propiedades, es bactericida, cicatrizante, antiinflamatorio, desodorante, expectorante y bals\u00e1mico.<\/span><\/p>\n<p>&nbsp;<\/p>\n<p><img decoding=\"async\" loading=\"lazy\" class=\"alignnone size-thumbnail wp-image-544\" src=\"https:\/\/www.isabelaromasdelmundo.es\/blog\/wp-content\/uploads\/2017\/09\/Aceite-esencial-Arbol-t\u00e9-150x150.jpg\" alt=\"\" width=\"150\" height=\"150\" \/><\/p>\n<h6><span style=\"color: #cc99ff;\"><strong>Es un remedio muy efectivo contra los piojos<\/strong>. A\u00f1adir 3 gotas a la dosis del champ\u00fa, lavar normalmente y aclarar. Como preventivo, podemos impregnar un algod\u00f3n con aceite y aplicar detr\u00e1s de las orejas y en la coronilla, lugar donde acuden los piojos.<\/span><\/h6>\n<p><span style=\"color: #cc99ff;\"><strong>Aceite esencial de Lavanda (Lav\u00e1ndula Angustifolia).<\/strong> De olor intenso y floral, tiene propiedades sedantes, antidepresivo y cicatrizante entre otras.<\/span><\/p>\n<p><span style=\"color: #cc99ff;\"><img decoding=\"async\" loading=\"lazy\" class=\"alignnone size-thumbnail wp-image-545\" src=\"https:\/\/www.isabelaromasdelmundo.es\/blog\/wp-content\/uploads\/2017\/09\/Aceite-Esencial-Lavanda-150x150.jpg\" alt=\"\" width=\"150\" height=\"150\" \/><\/span><\/p>\n<p><span style=\"color: #cc99ff;\">Mezclar <strong>1gota de AE de lavanda<\/strong> con 1\/2 <strong>cucharada aceite de almendras<\/strong> y realizamos un <strong>masaje suave despu\u00e9s del ba\u00f1o<\/strong>. Para<strong> ni\u00f1os de 3 a 30 meses.<\/strong><\/span><\/p>\n<p><span style=\"color: #cc99ff;\">A\u00f1adir <strong>10 gotas de AE de lavanda a 50 ml de aceite vegetal de almendras dulces<\/strong>, y <strong>dar un masaje en todo el cuerpo<\/strong>. Ideal para despu\u00e9s del ba\u00f1o o de la ducha. Para <strong>ni\u00f1os a partir de 30 meses.<\/strong><\/span><\/p>\n<p><span style=\"color: #cc99ff;\">Estos aceites esenciales pueden ser usados directamente sobre la piel, en peque\u00f1as dosis teniendo en cuenta las cantidades descritas para cada edad.<\/span><\/p>\n<p><span style=\"color: #cc99ff;\"><strong>Es conveniente consultar con un experto<\/strong>, o <strong>realizar un test antes de usar cualquier aceite esencial o producto a base de aceites esenciales<\/strong>. Este test consiste en depositar unas gotas en el pliegue del codo. Si no hay reacci\u00f3n cut\u00e1nea al cabo de 15 minutos se puede seguir adelante con el tratamiento.<\/span><\/p>\n<p><span style=\"color: #cc99ff;\"><strong>Es muy recomendable usarlos diluidos<\/strong> con un <strong>aceite vegetal portador<\/strong>, por ejemplo el aceite de almendras o <strong>aceite de jojoba, <\/strong>o en su defecto, <strong>aceite de oliva o girasol<\/strong>.<\/span><\/p>\n<p><span style=\"color: #cc99ff;\"><strong>Tambi\u00e9n podemos agregar unas gotas a nuestros productos de cosm\u00e9tica<\/strong>, como en el caso del \u00e1rbol de t\u00e9, al champ\u00fa, o a nuestra crema corporal para <strong>potenciar sus efectos<\/strong><strong>.<\/strong><\/span><\/p>\n<h6 style=\"text-align: left;\"><span style=\"color: #cc99ff;\">Puedes consultar los productos disponibles en la tienda online.<\/span><\/h6>\n<h6 style=\"text-align: left;\"><span style=\"color: #cc99ff;\"><strong>Pincha en el enlace:<\/strong><\/span> <a href=\"http:\/\/www.isabelaromasdelmundo.es\/123--vuelta-al-cole-\" target=\"_blank\" rel=\"noopener\">http:\/\/www.isabelaromasdelmundo.es\/123&#8211;vuelta-al-cole-<\/a><\/h6>\n<address>\u00a0<\/address>\n<p>&nbsp;<\/p>\n","protected":false},"excerpt":{"rendered":"<p>Ya estamos en septiembre, y como cada a\u00f1o tenemos que organizar la Vuelta al cole de nuestros hijos. Despu\u00e9s del verano, todo vuelve a la normalidad y a la rutina\u2026 Haz que esta rutina sea m\u00e1s amena a la hora &hellip; <a href=\"https:\/\/www.isabelaromasdelmundo.es\/blog\/vuelta-al-cole-bio\/\">Sigue leyendo <span class=\"meta-nav\">&rarr;<\/span><\/a><\/p>\n","protected":false},"author":2,"featured_media":0,"comment_status":"open","ping_status":"open","sticky":false,"template":"","format":"standard","meta":[],"categories":[49],"tags":[47,48,46],"_links":{"self":[{"href":"https:\/\/www.isabelaromasdelmundo.es\/blog\/wp-json\/wp\/v2\/posts\/517"}],"collection":[{"href":"https:\/\/www.isabelaromasdelmundo.es\/blog\/wp-json\/wp\/v2\/posts"}],"about":[{"href":"https:\/\/www.isabelaromasdelmundo.es\/blog\/wp-json\/wp\/v2\/types\/post"}],"author":[{"embeddable":true,"href":"https:\/\/www.isabelaromasdelmundo.es\/blog\/wp-json\/wp\/v2\/users\/2"}],"replies":[{"embeddable":true,"href":"https:\/\/www.isabelaromasdelmundo.es\/blog\/wp-json\/wp\/v2\/comments?post=517"}],"version-history":[{"count":23,"href":"https:\/\/www.isabelaromasdelmundo.es\/blog\/wp-json\/wp\/v2\/posts\/517\/revisions"}],"predecessor-version":[{"id":550,"href":"https:\/\/www.isabelaromasdelmundo.es\/blog\/wp-json\/wp\/v2\/posts\/517\/revisions\/550"}],"wp:attachment":[{"href":"https:\/\/www.isabelaromasdelmundo.es\/blog\/wp-json\/wp\/v2\/media?parent=517"}],"wp:term":[{"taxonomy":"category","embeddable":true,"href":"https:\/\/www.isabelaromasdelmundo.es\/blog\/wp-json\/wp\/v2\/categories?post=517"},{"taxonomy":"post_tag","embeddable":true,"href":"https:\/\/www.isabelaromasdelmundo.es\/blog\/wp-json\/wp\/v2\/tags?post=517"}],"curies":[{"name":"wp","href":"https:\/\/api.w.org\/{rel}","templated":true}]}}